{"id":364670,"date":"2025-07-27T16:22:58","date_gmt":"2025-07-27T14:22:58","guid":{"rendered":"https:\/\/e-learn2.viser.edu.rs\/wordpress\/2025\/07\/27\/optimiser-la-gestion-de-la-sante-mentale-en-entreprise-grace-a-l-intelligence-artificielle-8\/"},"modified":"2025-07-27T16:22:58","modified_gmt":"2025-07-27T14:22:58","slug":"optimiser-la-gestion-de-la-sante-mentale-en-entreprise-grace-a-l-intelligence-artificielle-8","status":"publish","type":"post","link":"https:\/\/e-learn2.viser.edu.rs\/wordpress\/2025\/07\/27\/optimiser-la-gestion-de-la-sante-mentale-en-entreprise-grace-a-l-intelligence-artificielle-8\/","title":{"rendered":"Optimiser la gestion de la sant\u00e9 mentale en entreprise gr\u00e2ce \u00e0 l&#8217;Intelligence Artificielle"},"content":{"rendered":"<h2>Introduction : La n\u00e9cessit\u00e9 d&#8217;une approche innovante pour la sant\u00e9 mentale en milieu professionnel<\/h2>\n<p>\nAu fil des derni\u00e8res ann\u00e9es, la conscience autour de l&#8217;importance de la sant\u00e9 mentale au travail n&#8217;a cess\u00e9 de cro\u00eetre. Selon l&#8217;Organisation mondiale de la sant\u00e9 (OMS), plus de 264 millions de personnes souffrent de d\u00e9pression, une condition souvent exacerb\u00e9e par le stress professionnel et l&#8217;isolement social. Les entreprises, pour rester performantes et comp\u00e9titives, doivent d\u00e9sormais privil\u00e9gier des strat\u00e9gies innovantes pour soutenir le bien-\u00eatre de leurs employ\u00e9s.\n<\/p>\n<p>\nL&#8217;int\u00e9gration de solutions technologiques, notamment en intelligence artificielle (IA), ouvre de nouvelles perspectives pour une gestion proactive de la sant\u00e9 mentale en milieu professionnel. En combinant donn\u00e9es, outils d\u2019analyse pr\u00e9dictive et plateformes personnalis\u00e9es, il devient possible d\u2019anticiper les signaux faibles et d\u2019intervenir au bon moment.\n<\/p>\n<h2>Les enjeux majeurs de la gestion de la sant\u00e9 mentale en entreprise<\/h2>\n<table>\n<tr>\n<th>Facteur<\/th>\n<th>Statistique \/ Exemple<\/th>\n<\/tr>\n<tr>\n<td>Stress chronique au travail<\/td>\n<td>Selon une \u00e9tude de l\u2019ASES (2019), 60% des travailleurs fran\u00e7ais d\u00e9clarent ressentir un stress \u00e9lev\u00e9 au quotidien.<\/td>\n<\/tr>\n<tr>\n<td>Absent\u00e9isme li\u00e9 \u00e0 la sant\u00e9 mentale<\/td>\n<td>Le co\u00fbt annuel pour l\u2019\u00e9conomie fran\u00e7aise avoisine les 4 milliards d&#8217;euros, selon l\u2019INRS.<\/td>\n<\/tr>\n<tr>\n<td>Stigmatisation<\/td>\n<td>Pr\u00e8s de 70% des personnes souffrant de troubles psychiques h\u00e9sitent \u00e0 demander de l\u2019aide par crainte d\u2019\u00eatre labellis\u00e9es.<\/td>\n<\/tr>\n<tr>\n<td>Solutions technologiques<\/td>\n<td>Intelligence artificielle et data analytics permettent de d\u00e9tecter pr\u00e9cocement les signaux de d\u00e9tresse.<\/td>\n<\/tr>\n<\/table>\n<h2>Comment l\u2019intelligence artificielle transforme la gestion de la sant\u00e9 mentale<\/h2>\n<p>\nL\u2019intelligence artificielle d\u00e9truit les barri\u00e8res traditionnelles en introduisant une dimension pr\u00e9dictive et personnalis\u00e9e dans la gestion du bien-\u00eatre au travail. Par exemple, des plateformes aliment\u00e9es par l\u2019IA peuvent analyser des donn\u00e9es anonymis\u00e9es \u2013 telles que des interactions num\u00e9riques, des indicateurs de performance, ou m\u00eame des donn\u00e9es contextuelles \u2013 pour rep\u00e9rer des changements comportementaux indiquant un mal-\u00eatre.\n<\/p>\n<p>\nUn cas pratique r\u00e9cent montre comment des outils int\u00e9grant l\u2019IA peuvent consulter anonymement des employ\u00e9s via des questionnaires r\u00e9guliers, en d\u00e9tectant des patterns qui r\u00e9v\u00e8lent un stress accru ou une d\u00e9gradation de l\u2019\u00e9tat psychologique. Ces syst\u00e8mes permettent aux responsables RH d\u2019intervenir rapidement, souvent bien avant qu&#8217;une crise ne survienne.\n<\/p>\n<h2>L\u2019importance d\u2019une approche \u00e9thique et humaine dans l\u2019impl\u00e9mentation de l\u2019IA<\/h2>\n<p>\nIl ne faut pas oublier que la technologie ne doit pas remplacer la relation humaine, mais plut\u00f4t la soutenir. La collecte de donn\u00e9es personnelles doit imp\u00e9rativement respecter le RGPD, avec une transparence totale sur l\u2019usage qui en est fait. L\u2019objectif ultime doit \u00eatre de fournir des outils d\u2019aide et de pr\u00e9vention, en coh\u00e9rence avec la r\u00e9alit\u00e9 humaine.\n<\/p>\n<p>\nDe plus, la r\u00e9ussite de telles initiatives repose sur l\u2019alliance entre innovation technologique et accompagnement humain. La mise \u00e0 disposition d\u2019un espace s\u00e9curis\u00e9 pour l\u2019expression et le dialogue reste essentielle, m\u00eame dans un environnement o\u00f9 l\u2019IA joue un r\u00f4le central.\n<\/p>\n<h2>Solutions concr\u00e8tes : int\u00e9grer l\u2019IA pour une pr\u00e9vention efficace<\/h2>\n<ul>\n<li><strong>Programmes de bien-\u00eatre personnalis\u00e9s :<\/strong> Utiliser des plateformes intelligentes pour configurer des parcours adapt\u00e9s aux besoins individuels.<\/li>\n<li><strong>Analyse pr\u00e9dictive :<\/strong> Identifier les indicateurs pr\u00e9coces de d\u00e9tresse psychologique.<\/li>\n<li><strong>Support \u00e0 distance :<\/strong> Offrir un acc\u00e8s instantan\u00e9 \u00e0 un conseiller ou \u00e0 des outils d\u2019auto-assistance.<\/li>\n<li><strong>Monitoring continu :<\/strong> Suivi automatis\u00e9 pour pr\u00e9venir l\u2019\u00e9puisement professionnel.<\/li>\n<\/ul>\n<h2>Conclusion : Investir dans la sant\u00e9 mentale, un imp\u00e9ratif strat\u00e9gique<\/h2>\n<p>\n\u00c0 l\u2019aune des innovations technologiques, il devient \u00e9vident que la gestion proactive de la sant\u00e9 mentale est une d\u00e9marche strat\u00e9gique pour les entreprises souhaitant pr\u00e9server leur capital humain. Incorporer des solutions d\u2019intelligence artificielle dans cette optique ne doit pas \u00eatre per\u00e7u comme une d\u00e9marche purement technologique, mais comme un pas vers une responsabilit\u00e9 soci\u00e9tale et un leadership \u00e9clair\u00e9.\n<\/p>\n<p>\nPour explorer ces avenues de mani\u00e8re concr\u00e8te et innovante, il est judicieux d\u2019en savoir plus sur les outils disponibles, comme ceux propos\u00e9s par des acteurs sp\u00e9cialis\u00e9s dans la transformation digitale du bien-\u00eatre professionnel. <a href=\"https:\/\/symbionyx.app\/fr\/\">obtiens Symbionyx<\/a> pour d\u00e9couvrir une plateforme con\u00e7ue pour accompagner votre d\u00e9marche d\u2019innovation en sant\u00e9 mentale.<\/p>\n","protected":false},"excerpt":{"rendered":"<p>Introduction : La n\u00e9cessit\u00e9 d&#8217;une approche innovante pour la sant\u00e9 mentale en milieu professionnel Au fil des derni\u00e8res ann\u00e9es, la conscience autour de l&#8217;importance de la sant\u00e9 mentale au travail n&#8217;a cess\u00e9 de cro\u00eetre. Selon l&#8217;Organisation mondiale de la sant\u00e9 (OMS), plus de 264 millions de personnes souffrent de d\u00e9pression, une condition souvent exacerb\u00e9e par [&hellip;]<\/p>\n","protected":false},"author":73,"featured_media":0,"comment_status":"open","ping_status":"open","sticky":false,"template":"","format":"standard","meta":{"footnotes":""},"categories":[1],"tags":[],"class_list":["post-364670","post","type-post","status-publish","format-standard","hentry","category-nekategorizovano"],"_links":{"self":[{"href":"https:\/\/e-learn2.viser.edu.rs\/wordpress\/wp-json\/wp\/v2\/posts\/364670","targetHints":{"allow":["GET"]}}],"collection":[{"href":"https:\/\/e-learn2.viser.edu.rs\/wordpress\/wp-json\/wp\/v2\/posts"}],"about":[{"href":"https:\/\/e-learn2.viser.edu.rs\/wordpress\/wp-json\/wp\/v2\/types\/post"}],"author":[{"embeddable":true,"href":"https:\/\/e-learn2.viser.edu.rs\/wordpress\/wp-json\/wp\/v2\/users\/73"}],"replies":[{"embeddable":true,"href":"https:\/\/e-learn2.viser.edu.rs\/wordpress\/wp-json\/wp\/v2\/comments?post=364670"}],"version-history":[{"count":0,"href":"https:\/\/e-learn2.viser.edu.rs\/wordpress\/wp-json\/wp\/v2\/posts\/364670\/revisions"}],"wp:attachment":[{"href":"https:\/\/e-learn2.viser.edu.rs\/wordpress\/wp-json\/wp\/v2\/media?parent=364670"}],"wp:term":[{"taxonomy":"category","embeddable":true,"href":"https:\/\/e-learn2.viser.edu.rs\/wordpress\/wp-json\/wp\/v2\/categories?post=364670"},{"taxonomy":"post_tag","embeddable":true,"href":"https:\/\/e-learn2.viser.edu.rs\/wordpress\/wp-json\/wp\/v2\/tags?post=364670"}],"curies":[{"name":"wp","href":"https:\/\/api.w.org\/{rel}","templated":true}]}}